{"id":88765,"date":"2024-11-14T12:31:38","date_gmt":"2024-11-14T11:31:38","guid":{"rendered":"https:\/\/acelerapyme.depourense.es\/taller-acelerapyme-en-monterrei-25-11-1200\/"},"modified":"2024-11-14T12:34:25","modified_gmt":"2024-11-14T11:34:25","slug":"taller-acelerapyme-en-monterrei-25-11-1200","status":"publish","type":"post","link":"https:\/\/acelerapyme.depourense.es\/gl\/taller-acelerapyme-en-monterrei-25-11-1200\/","title":{"rendered":"Taller AceleraPyme en Monterrei 25\/11 12:00"},"content":{"rendered":"\n<p>O d\u00eda 25 de novembro teremos un Taller Pr\u00e1ctico no concello de Monterrei. <\/p>\n\n<p>O taller &#8220;Optimiza a t\u00faa presenza na Web\u201d ter\u00e1 lugar o d\u00eda 25 a las 12 hrs na Casa da Cultura de Albarellos https:\/\/maps.app.goo.gl\/u2Kpu1P1JAvMsz456<\/p>\n\n<p>Inscrici\u00f3ns en <a href=\"http:\/\/acelerapyme.depourense.es\/?fbclid=IwZXh0bgNhZW0CMTAAAR2V4-N1aOYksHJq-xOICI0oZn6oDCPiQnxDEnluOHMmf36rRe3p4DFF7F8_aem_3Q0RHsz2CK7vrWjVHo-IRQ\" rel=\"noreferrer noopener\" target=\"_blank\">acelerapyme.depourense.es\/ ou no<\/a> tel\u00e9fono 988 41 80 89.<\/p>\n\n<p><\/p>\n","protected":false},"excerpt":{"rendered":"<p>O d\u00eda 25 de novembro teremos un Taller Pr\u00e1ctico no concello de Monterrei. O taller &#8220;Optimiza a t\u00faa presenza na Web\u201d ter\u00e1 lugar o d\u00eda 25 a las 12 hrs&hellip;<\/p>\n","protected":false},"author":1,"featured_media":88757,"comment_status":"open","ping_status":"open","sticky":false,"template":"","format":"standard","meta":{"footnotes":""},"categories":[272],"tags":[],"class_list":["post-88765","post","type-post","status-publish","format-standard","has-post-thumbnail","hentry","category-eventos-gl","category-272","description-off"],"yoast_head":"<!-- This site is optimized with the Yoast SEO plugin v23.0 - https:\/\/yoast.com\/wordpress\/plugins\/seo\/ -->\n<title>Taller AceleraPyme en Monterrei 25\/11 12:00 - Acelerou<\/title>\n<meta name=\"robots\" content=\"index, follow, max-snippet:-1, max-image-preview:large, max-video-preview:-1\" \/>\n<link rel=\"canonical\" href=\"https:\/\/acelerapyme.depourense.es\/gl\/taller-acelerapyme-en-monterrei-25-11-1200\/\" \/>\n<meta property=\"og:locale\" content=\"gl_ES\" \/>\n<meta property=\"og:type\" content=\"article\" \/>\n<meta property=\"og:title\" content=\"Taller AceleraPyme en Monterrei 25\/11 12:00 - Acelerou\" \/>\n<meta property=\"og:description\" content=\"O d\u00eda 25 de novembro teremos un Taller Pr\u00e1ctico no concello de Monterrei. O taller &#8220;Optimiza a t\u00faa presenza na Web\u201d ter\u00e1 lugar o d\u00eda 25 a las 12 hrs&hellip;\" \/>\n<meta property=\"og:url\" content=\"https:\/\/acelerapyme.depourense.es\/gl\/taller-acelerapyme-en-monterrei-25-11-1200\/\" \/>\n<meta property=\"og:site_name\" content=\"Acelerou\" \/>\n<meta property=\"article:published_time\" content=\"2024-11-14T11:31:38+00:00\" \/>\n<meta property=\"article:modified_time\" content=\"2024-11-14T11:34:25+00:00\" \/>\n<meta property=\"og:image\" content=\"https:\/\/acelerapyme.depourense.es\/wp-content\/uploads\/2024\/11\/Sin-titulo-e1731583867446.png\" \/>\n\t<meta property=\"og:image:width\" content=\"640\" \/>\n\t<meta property=\"og:image:height\" content=\"620\" \/>\n\t<meta property=\"og:image:type\" content=\"image\/png\" \/>\n<meta name=\"author\" content=\"admin-acelerousalesmatch\" \/>\n<meta name=\"twitter:card\" content=\"summary_large_image\" \/>\n<meta name=\"twitter:label1\" content=\"Escrito por\" \/>\n\t<meta name=\"twitter:data1\" content=\"admin-acelerousalesmatch\" \/>\n<script type=\"application\/ld+json\" class=\"yoast-schema-graph\">{\"@context\":\"https:\/\/schema.org\",\"@graph\":[{\"@type\":\"Article\",\"@id\":\"https:\/\/acelerapyme.depourense.es\/gl\/taller-acelerapyme-en-monterrei-25-11-1200\/#article\",\"isPartOf\":{\"@id\":\"https:\/\/acelerapyme.depourense.es\/gl\/taller-acelerapyme-en-monterrei-25-11-1200\/\"},\"author\":{\"name\":\"admin-acelerousalesmatch\",\"@id\":\"https:\/\/acelerapyme.depourense.es\/#\/schema\/person\/027cc924de716accf2ffc29f8f6dc425\"},\"headline\":\"Taller AceleraPyme en Monterrei 25\/11 12:00\",\"datePublished\":\"2024-11-14T11:31:38+00:00\",\"dateModified\":\"2024-11-14T11:34:25+00:00\",\"mainEntityOfPage\":{\"@id\":\"https:\/\/acelerapyme.depourense.es\/gl\/taller-acelerapyme-en-monterrei-25-11-1200\/\"},\"wordCount\":60,\"commentCount\":0,\"publisher\":{\"@id\":\"https:\/\/acelerapyme.depourense.es\/#organization\"},\"image\":{\"@id\":\"https:\/\/acelerapyme.depourense.es\/gl\/taller-acelerapyme-en-monterrei-25-11-1200\/#primaryimage\"},\"thumbnailUrl\":\"https:\/\/acelerapyme.depourense.es\/wp-content\/uploads\/2024\/11\/Sin-titulo-e1731583867446.png\",\"articleSection\":[\"Eventos\"],\"inLanguage\":\"gl-ES\",\"potentialAction\":[{\"@type\":\"CommentAction\",\"name\":\"Comment\",\"target\":[\"https:\/\/acelerapyme.depourense.es\/gl\/taller-acelerapyme-en-monterrei-25-11-1200\/#respond\"]}]},{\"@type\":\"WebPage\",\"@id\":\"https:\/\/acelerapyme.depourense.es\/gl\/taller-acelerapyme-en-monterrei-25-11-1200\/\",\"url\":\"https:\/\/acelerapyme.depourense.es\/gl\/taller-acelerapyme-en-monterrei-25-11-1200\/\",\"name\":\"Taller AceleraPyme en Monterrei 25\/11 12:00 - Acelerou\",\"isPartOf\":{\"@id\":\"https:\/\/acelerapyme.depourense.es\/#website\"},\"primaryImageOfPage\":{\"@id\":\"https:\/\/acelerapyme.depourense.es\/gl\/taller-acelerapyme-en-monterrei-25-11-1200\/#primaryimage\"},\"image\":{\"@id\":\"https:\/\/acelerapyme.depourense.es\/gl\/taller-acelerapyme-en-monterrei-25-11-1200\/#primaryimage\"},\"thumbnailUrl\":\"https:\/\/acelerapyme.depourense.es\/wp-content\/uploads\/2024\/11\/Sin-titulo-e1731583867446.png\",\"datePublished\":\"2024-11-14T11:31:38+00:00\",\"dateModified\":\"2024-11-14T11:34:25+00:00\",\"breadcrumb\":{\"@id\":\"https:\/\/acelerapyme.depourense.es\/gl\/taller-acelerapyme-en-monterrei-25-11-1200\/#breadcrumb\"},\"inLanguage\":\"gl-ES\",\"potentialAction\":[{\"@type\":\"ReadAction\",\"target\":[\"https:\/\/acelerapyme.depourense.es\/gl\/taller-acelerapyme-en-monterrei-25-11-1200\/\"]}]},{\"@type\":\"ImageObject\",\"inLanguage\":\"gl-ES\",\"@id\":\"https:\/\/acelerapyme.depourense.es\/gl\/taller-acelerapyme-en-monterrei-25-11-1200\/#primaryimage\",\"url\":\"https:\/\/acelerapyme.depourense.es\/wp-content\/uploads\/2024\/11\/Sin-titulo-e1731583867446.png\",\"contentUrl\":\"https:\/\/acelerapyme.depourense.es\/wp-content\/uploads\/2024\/11\/Sin-titulo-e1731583867446.png\",\"width\":640,\"height\":620},{\"@type\":\"BreadcrumbList\",\"@id\":\"https:\/\/acelerapyme.depourense.es\/gl\/taller-acelerapyme-en-monterrei-25-11-1200\/#breadcrumb\",\"itemListElement\":[{\"@type\":\"ListItem\",\"position\":1,\"name\":\"Portada\",\"item\":\"https:\/\/acelerapyme.depourense.es\/\"},{\"@type\":\"ListItem\",\"position\":2,\"name\":\"Taller AceleraPyme en Monterrei 25\/11 12:00\"}]},{\"@type\":\"WebSite\",\"@id\":\"https:\/\/acelerapyme.depourense.es\/#website\",\"url\":\"https:\/\/acelerapyme.depourense.es\/\",\"name\":\"Acelerou\",\"description\":\"\",\"publisher\":{\"@id\":\"https:\/\/acelerapyme.depourense.es\/#organization\"},\"potentialAction\":[{\"@type\":\"SearchAction\",\"target\":{\"@type\":\"EntryPoint\",\"urlTemplate\":\"https:\/\/acelerapyme.depourense.es\/?s={search_term_string}\"},\"query-input\":\"required name=search_term_string\"}],\"inLanguage\":\"gl-ES\"},{\"@type\":\"Organization\",\"@id\":\"https:\/\/acelerapyme.depourense.es\/#organization\",\"name\":\"Acelerou\",\"url\":\"https:\/\/acelerapyme.depourense.es\/\",\"logo\":{\"@type\":\"ImageObject\",\"inLanguage\":\"gl-ES\",\"@id\":\"https:\/\/acelerapyme.depourense.es\/#\/schema\/logo\/image\/\",\"url\":\"https:\/\/acelerapyme.depourense.es\/wp-content\/uploads\/2024\/06\/logo2.png\",\"contentUrl\":\"https:\/\/acelerapyme.depourense.es\/wp-content\/uploads\/2024\/06\/logo2.png\",\"width\":1012,\"height\":189,\"caption\":\"Acelerou\"},\"image\":{\"@id\":\"https:\/\/acelerapyme.depourense.es\/#\/schema\/logo\/image\/\"}},{\"@type\":\"Person\",\"@id\":\"https:\/\/acelerapyme.depourense.es\/#\/schema\/person\/027cc924de716accf2ffc29f8f6dc425\",\"name\":\"admin-acelerousalesmatch\",\"image\":{\"@type\":\"ImageObject\",\"inLanguage\":\"gl-ES\",\"@id\":\"https:\/\/acelerapyme.depourense.es\/#\/schema\/person\/image\/\",\"url\":\"https:\/\/secure.gravatar.com\/avatar\/b6bc7b0b1bbcacc810a446e27d1c9b770fdd88e4f0bbe0550569805891957453?s=96&d=mm&r=g\",\"contentUrl\":\"https:\/\/secure.gravatar.com\/avatar\/b6bc7b0b1bbcacc810a446e27d1c9b770fdd88e4f0bbe0550569805891957453?s=96&d=mm&r=g\",\"caption\":\"admin-acelerousalesmatch\"},\"sameAs\":[\"https:\/\/acelerapyme.depourense.es\"],\"url\":\"https:\/\/acelerapyme.depourense.es\/gl\/author\/admin-acelerousalesmatch\/\"}]}<\/script>\n<!-- \/ Yoast SEO plugin. -->","yoast_head_json":{"title":"Taller AceleraPyme en Monterrei 25\/11 12:00 - Acelerou","robots":{"index":"index","follow":"follow","max-snippet":"max-snippet:-1","max-image-preview":"max-image-preview:large","max-video-preview":"max-video-preview:-1"},"canonical":"https:\/\/acelerapyme.depourense.es\/gl\/taller-acelerapyme-en-monterrei-25-11-1200\/","og_locale":"gl_ES","og_type":"article","og_title":"Taller AceleraPyme en Monterrei 25\/11 12:00 - Acelerou","og_description":"O d\u00eda 25 de novembro teremos un Taller Pr\u00e1ctico no concello de Monterrei. O taller &#8220;Optimiza a t\u00faa presenza na Web\u201d ter\u00e1 lugar o d\u00eda 25 a las 12 hrs&hellip;","og_url":"https:\/\/acelerapyme.depourense.es\/gl\/taller-acelerapyme-en-monterrei-25-11-1200\/","og_site_name":"Acelerou","article_published_time":"2024-11-14T11:31:38+00:00","article_modified_time":"2024-11-14T11:34:25+00:00","og_image":[{"width":640,"height":620,"url":"https:\/\/acelerapyme.depourense.es\/wp-content\/uploads\/2024\/11\/Sin-titulo-e1731583867446.png","type":"image\/png"}],"author":"admin-acelerousalesmatch","twitter_card":"summary_large_image","twitter_misc":{"Escrito por":"admin-acelerousalesmatch"},"schema":{"@context":"https:\/\/schema.org","@graph":[{"@type":"Article","@id":"https:\/\/acelerapyme.depourense.es\/gl\/taller-acelerapyme-en-monterrei-25-11-1200\/#article","isPartOf":{"@id":"https:\/\/acelerapyme.depourense.es\/gl\/taller-acelerapyme-en-monterrei-25-11-1200\/"},"author":{"name":"admin-acelerousalesmatch","@id":"https:\/\/acelerapyme.depourense.es\/#\/schema\/person\/027cc924de716accf2ffc29f8f6dc425"},"headline":"Taller AceleraPyme en Monterrei 25\/11 12:00","datePublished":"2024-11-14T11:31:38+00:00","dateModified":"2024-11-14T11:34:25+00:00","mainEntityOfPage":{"@id":"https:\/\/acelerapyme.depourense.es\/gl\/taller-acelerapyme-en-monterrei-25-11-1200\/"},"wordCount":60,"commentCount":0,"publisher":{"@id":"https:\/\/acelerapyme.depourense.es\/#organization"},"image":{"@id":"https:\/\/acelerapyme.depourense.es\/gl\/taller-acelerapyme-en-monterrei-25-11-1200\/#primaryimage"},"thumbnailUrl":"https:\/\/acelerapyme.depourense.es\/wp-content\/uploads\/2024\/11\/Sin-titulo-e1731583867446.png","articleSection":["Eventos"],"inLanguage":"gl-ES","potentialAction":[{"@type":"CommentAction","name":"Comment","target":["https:\/\/acelerapyme.depourense.es\/gl\/taller-acelerapyme-en-monterrei-25-11-1200\/#respond"]}]},{"@type":"WebPage","@id":"https:\/\/acelerapyme.depourense.es\/gl\/taller-acelerapyme-en-monterrei-25-11-1200\/","url":"https:\/\/acelerapyme.depourense.es\/gl\/taller-acelerapyme-en-monterrei-25-11-1200\/","name":"Taller AceleraPyme en Monterrei 25\/11 12:00 - Acelerou","isPartOf":{"@id":"https:\/\/acelerapyme.depourense.es\/#website"},"primaryImageOfPage":{"@id":"https:\/\/acelerapyme.depourense.es\/gl\/taller-acelerapyme-en-monterrei-25-11-1200\/#primaryimage"},"image":{"@id":"https:\/\/acelerapyme.depourense.es\/gl\/taller-acelerapyme-en-monterrei-25-11-1200\/#primaryimage"},"thumbnailUrl":"https:\/\/acelerapyme.depourense.es\/wp-content\/uploads\/2024\/11\/Sin-titulo-e1731583867446.png","datePublished":"2024-11-14T11:31:38+00:00","dateModified":"2024-11-14T11:34:25+00:00","breadcrumb":{"@id":"https:\/\/acelerapyme.depourense.es\/gl\/taller-acelerapyme-en-monterrei-25-11-1200\/#breadcrumb"},"inLanguage":"gl-ES","potentialAction":[{"@type":"ReadAction","target":["https:\/\/acelerapyme.depourense.es\/gl\/taller-acelerapyme-en-monterrei-25-11-1200\/"]}]},{"@type":"ImageObject","inLanguage":"gl-ES","@id":"https:\/\/acelerapyme.depourense.es\/gl\/taller-acelerapyme-en-monterrei-25-11-1200\/#primaryimage","url":"https:\/\/acelerapyme.depourense.es\/wp-content\/uploads\/2024\/11\/Sin-titulo-e1731583867446.png","contentUrl":"https:\/\/acelerapyme.depourense.es\/wp-content\/uploads\/2024\/11\/Sin-titulo-e1731583867446.png","width":640,"height":620},{"@type":"BreadcrumbList","@id":"https:\/\/acelerapyme.depourense.es\/gl\/taller-acelerapyme-en-monterrei-25-11-1200\/#breadcrumb","itemListElement":[{"@type":"ListItem","position":1,"name":"Portada","item":"https:\/\/acelerapyme.depourense.es\/"},{"@type":"ListItem","position":2,"name":"Taller AceleraPyme en Monterrei 25\/11 12:00"}]},{"@type":"WebSite","@id":"https:\/\/acelerapyme.depourense.es\/#website","url":"https:\/\/acelerapyme.depourense.es\/","name":"Acelerou","description":"","publisher":{"@id":"https:\/\/acelerapyme.depourense.es\/#organization"},"potentialAction":[{"@type":"SearchAction","target":{"@type":"EntryPoint","urlTemplate":"https:\/\/acelerapyme.depourense.es\/?s={search_term_string}"},"query-input":"required name=search_term_string"}],"inLanguage":"gl-ES"},{"@type":"Organization","@id":"https:\/\/acelerapyme.depourense.es\/#organization","name":"Acelerou","url":"https:\/\/acelerapyme.depourense.es\/","logo":{"@type":"ImageObject","inLanguage":"gl-ES","@id":"https:\/\/acelerapyme.depourense.es\/#\/schema\/logo\/image\/","url":"https:\/\/acelerapyme.depourense.es\/wp-content\/uploads\/2024\/06\/logo2.png","contentUrl":"https:\/\/acelerapyme.depourense.es\/wp-content\/uploads\/2024\/06\/logo2.png","width":1012,"height":189,"caption":"Acelerou"},"image":{"@id":"https:\/\/acelerapyme.depourense.es\/#\/schema\/logo\/image\/"}},{"@type":"Person","@id":"https:\/\/acelerapyme.depourense.es\/#\/schema\/person\/027cc924de716accf2ffc29f8f6dc425","name":"admin-acelerousalesmatch","image":{"@type":"ImageObject","inLanguage":"gl-ES","@id":"https:\/\/acelerapyme.depourense.es\/#\/schema\/person\/image\/","url":"https:\/\/secure.gravatar.com\/avatar\/b6bc7b0b1bbcacc810a446e27d1c9b770fdd88e4f0bbe0550569805891957453?s=96&d=mm&r=g","contentUrl":"https:\/\/secure.gravatar.com\/avatar\/b6bc7b0b1bbcacc810a446e27d1c9b770fdd88e4f0bbe0550569805891957453?s=96&d=mm&r=g","caption":"admin-acelerousalesmatch"},"sameAs":["https:\/\/acelerapyme.depourense.es"],"url":"https:\/\/acelerapyme.depourense.es\/gl\/author\/admin-acelerousalesmatch\/"}]}},"_links":{"self":[{"href":"https:\/\/acelerapyme.depourense.es\/gl\/wp-json\/wp\/v2\/posts\/88765","targetHints":{"allow":["GET"]}}],"collection":[{"href":"https:\/\/acelerapyme.depourense.es\/gl\/wp-json\/wp\/v2\/posts"}],"about":[{"href":"https:\/\/acelerapyme.depourense.es\/gl\/wp-json\/wp\/v2\/types\/post"}],"author":[{"embeddable":true,"href":"https:\/\/acelerapyme.depourense.es\/gl\/wp-json\/wp\/v2\/users\/1"}],"replies":[{"embeddable":true,"href":"https:\/\/acelerapyme.depourense.es\/gl\/wp-json\/wp\/v2\/comments?post=88765"}],"version-history":[{"count":1,"href":"https:\/\/acelerapyme.depourense.es\/gl\/wp-json\/wp\/v2\/posts\/88765\/revisions"}],"predecessor-version":[{"id":88766,"href":"https:\/\/acelerapyme.depourense.es\/gl\/wp-json\/wp\/v2\/posts\/88765\/revisions\/88766"}],"wp:featuredmedia":[{"embeddable":true,"href":"https:\/\/acelerapyme.depourense.es\/gl\/wp-json\/wp\/v2\/media\/88757"}],"wp:attachment":[{"href":"https:\/\/acelerapyme.depourense.es\/gl\/wp-json\/wp\/v2\/media?parent=88765"}],"wp:term":[{"taxonomy":"category","embeddable":true,"href":"https:\/\/acelerapyme.depourense.es\/gl\/wp-json\/wp\/v2\/categories?post=88765"},{"taxonomy":"post_tag","embeddable":true,"href":"https:\/\/acelerapyme.depourense.es\/gl\/wp-json\/wp\/v2\/tags?post=88765"}],"curies":[{"name":"wp","href":"https:\/\/api.w.org\/{rel}","templated":true}]}}